{"id":2372,"date":"2023-06-25T18:43:45","date_gmt":"2023-06-25T16:43:45","guid":{"rendered":"http:\/\/grandprixdetennisdebourg.com\/?p=2372"},"modified":"2023-06-27T10:25:45","modified_gmt":"2023-06-27T08:25:45","slug":"dimanche-25-juin","status":"publish","type":"post","link":"http:\/\/grandprixdetennisdebourg.com\/index.php\/2023\/06\/25\/dimanche-25-juin\/","title":{"rendered":"Dimanche 25 juin"},"content":{"rendered":"\n<p>1er tour du tableau des qualifications. 32 joueurs se sont affront\u00e9s dont 19 fran\u00e7ais sous un soleil de plomb.<\/p>\n\n\n\n<p>Demain, dernier tour des qualifications, 8 joueurs fran\u00e7ais d\u00e9fendront leur chance \u00e0 partir de 11h.<\/p>\n\n\n\n<p>Vers 12h, tirage au sort du tableau final de simple, venez nombreux !<\/p>\n\n\n\n<p>Vers 14h, tirage au sort du tableau de double.<\/p>\n\n\n\n<p>Vers 20h, tirage au sort des qualifi\u00e9s qui entreront dans le tableau final.<\/p>\n\n\n\n<p>Mardi, d\u00e9but du tableau final du simple et du double. <\/p>\n\n\n\n<figure class=\"wp-block-gallery has-nested-images columns-default is-cropped\">\n<figure class=\"wp-block-image size-large\"><a href=\"http:\/\/grandprixdetennisdebourg.com\/wp-content\/uploads\/2023\/06\/bonnaud-scaled.jpg\" target=\"_blank\" rel=\"noopener\"><img loading=\"lazy\" width=\"1024\" height=\"683\" data-id=\"2373\"  src=\"http:\/\/grandprixdetennisdebourg.com\/wp-content\/uploads\/2023\/06\/bonnaud-1024x683.jpg\" alt=\"\" class=\"wp-image-2373\" srcset=\"http:\/\/grandprixdetennisdebourg.com\/wp-content\/uploads\/2023\/06\/bonnaud-1024x683.jpg 1024w, http:\/\/grandprixdetennisdebourg.com\/wp-content\/uploads\/2023\/06\/bonnaud-300x200.jpg 300w, http:\/\/grandprixdetennisdebourg.com\/wp-content\/uploads\/2023\/06\/bonnaud-768x512.jpg 768w, http:\/\/grandprixdetennisdebourg.com\/wp-content\/uploads\/2023\/06\/bonnaud-1536x1024.jpg 1536w, http:\/\/grandprixdetennisdebourg.com\/wp-content\/uploads\/2023\/06\/bonnaud-2048x1365.jpg 2048w, http:\/\/grandprixdetennisdebourg.com\/wp-content\/uploads\/2023\/06\/bonnaud-1200x800.jpg 1200w, http:\/\/grandprixdetennisdebourg.com\/wp-content\/uploads\/2023\/06\/bonnaud-1980x1320.jpg 1980w\" sizes=\"(max-width: 1024px) 100vw, 1024px\" \/><\/a><\/figure>\n\n\n\n<figure class=\"wp-block-image size-large\"><a href=\"http:\/\/grandprixdetennisdebourg.com\/wp-content\/uploads\/2023\/06\/bouchelaghem3-scaled.jpg\" target=\"_blank\" rel=\"noopener\"><img loading=\"lazy\" width=\"1024\" height=\"683\" data-id=\"2374\"  src=\"http:\/\/grandprixdetennisdebourg.com\/wp-content\/uploads\/2023\/06\/bouchelaghem3-1024x683.jpg\" alt=\"\" class=\"wp-image-2374\" srcset=\"http:\/\/grandprixdetennisdebourg.com\/wp-content\/uploads\/2023\/06\/bouchelaghem3-1024x683.jpg 1024w, http:\/\/grandprixdetennisdebourg.com\/wp-content\/uploads\/2023\/06\/bouchelaghem3-300x200.jpg 300w, http:\/\/grandprixdetennisdebourg.com\/wp-content\/uploads\/2023\/06\/bouchelaghem3-768x512.jpg 768w, http:\/\/grandprixdetennisdebourg.com\/wp-content\/uploads\/2023\/06\/bouchelaghem3-1536x1024.jpg 1536w, http:\/\/grandprixdetennisdebourg.com\/wp-content\/uploads\/2023\/06\/bouchelaghem3-2048x1365.jpg 2048w, http:\/\/grandprixdetennisdebourg.com\/wp-content\/uploads\/2023\/06\/bouchelaghem3-1200x800.jpg 1200w, http:\/\/grandprixdetennisdebourg.com\/wp-content\/uploads\/2023\/06\/bouchelaghem3-1980x1320.jpg 1980w\" sizes=\"(max-width: 1024px) 100vw, 1024px\" \/><\/a><\/figure>\n\n\n\n<figure class=\"wp-block-image size-large\"><a href=\"http:\/\/grandprixdetennisdebourg.com\/wp-content\/uploads\/2023\/06\/burdet7-scaled.jpg\" target=\"_blank\" rel=\"noopener\"><img loading=\"lazy\" width=\"1024\" height=\"683\" data-id=\"2375\"  src=\"http:\/\/grandprixdetennisdebourg.com\/wp-content\/uploads\/2023\/06\/burdet7-1024x683.jpg\" alt=\"\" class=\"wp-image-2375\" srcset=\"http:\/\/grandprixdetennisdebourg.com\/wp-content\/uploads\/2023\/06\/burdet7-1024x683.jpg 1024w, http:\/\/grandprixdetennisdebourg.com\/wp-content\/uploads\/2023\/06\/burdet7-300x200.jpg 300w, http:\/\/grandprixdetennisdebourg.com\/wp-content\/uploads\/2023\/06\/burdet7-768x512.jpg 768w, http:\/\/grandprixdetennisdebourg.com\/wp-content\/uploads\/2023\/06\/burdet7-1536x1024.jpg 1536w, http:\/\/grandprixdetennisdebourg.com\/wp-content\/uploads\/2023\/06\/burdet7-2048x1365.jpg 2048w, http:\/\/grandprixdetennisdebourg.com\/wp-content\/uploads\/2023\/06\/burdet7-1200x800.jpg 1200w, http:\/\/grandprixdetennisdebourg.com\/wp-content\/uploads\/2023\/06\/burdet7-1980x1320.jpg 1980w\" sizes=\"(max-width: 1024px) 100vw, 1024px\" \/><\/a><\/figure>\n\n\n\n<figure class=\"wp-block-image size-large\"><a href=\"http:\/\/grandprixdetennisdebourg.com\/wp-content\/uploads\/2023\/06\/ceccon2-scaled.jpg\" target=\"_blank\" rel=\"noopener\"><img loading=\"lazy\" width=\"1024\" height=\"683\" data-id=\"2376\"  src=\"http:\/\/grandprixdetennisdebourg.com\/wp-content\/uploads\/2023\/06\/ceccon2-1024x683.jpg\" alt=\"\" class=\"wp-image-2376\" srcset=\"http:\/\/grandprixdetennisdebourg.com\/wp-content\/uploads\/2023\/06\/ceccon2-1024x683.jpg 1024w, http:\/\/grandprixdetennisdebourg.com\/wp-content\/uploads\/2023\/06\/ceccon2-300x200.jpg 300w, http:\/\/grandprixdetennisdebourg.com\/wp-content\/uploads\/2023\/06\/ceccon2-768x512.jpg 768w, http:\/\/grandprixdetennisdebourg.com\/wp-content\/uploads\/2023\/06\/ceccon2-1536x1024.jpg 1536w, http:\/\/grandprixdetennisdebourg.com\/wp-content\/uploads\/2023\/06\/ceccon2-2048x1365.jpg 2048w, http:\/\/grandprixdetennisdebourg.com\/wp-content\/uploads\/2023\/06\/ceccon2-1200x800.jpg 1200w, http:\/\/grandprixdetennisdebourg.com\/wp-content\/uploads\/2023\/06\/ceccon2-1980x1320.jpg 1980w\" sizes=\"(max-width: 1024px) 100vw, 1024px\" \/><\/a><\/figure>\n\n\n\n<figure class=\"wp-block-image size-large\"><a href=\"http:\/\/grandprixdetennisdebourg.com\/wp-content\/uploads\/2023\/06\/chaine6-scaled.jpg\" target=\"_blank\" rel=\"noopener\"><img loading=\"lazy\" width=\"1024\" height=\"683\" data-id=\"2377\"  src=\"http:\/\/grandprixdetennisdebourg.com\/wp-content\/uploads\/2023\/06\/chaine6-1024x683.jpg\" alt=\"\" class=\"wp-image-2377\" srcset=\"http:\/\/grandprixdetennisdebourg.com\/wp-content\/uploads\/2023\/06\/chaine6-1024x683.jpg 1024w, http:\/\/grandprixdetennisdebourg.com\/wp-content\/uploads\/2023\/06\/chaine6-300x200.jpg 300w, http:\/\/grandprixdetennisdebourg.com\/wp-content\/uploads\/2023\/06\/chaine6-768x512.jpg 768w, http:\/\/grandprixdetennisdebourg.com\/wp-content\/uploads\/2023\/06\/chaine6-1536x1024.jpg 1536w, http:\/\/grandprixdetennisdebourg.com\/wp-content\/uploads\/2023\/06\/chaine6-2048x1365.jpg 2048w, http:\/\/grandprixdetennisdebourg.com\/wp-content\/uploads\/2023\/06\/chaine6-1200x800.jpg 1200w, http:\/\/grandprixdetennisdebourg.com\/wp-content\/uploads\/2023\/06\/chaine6-1980x1320.jpg 1980w\" sizes=\"(max-width: 1024px) 100vw, 1024px\" \/><\/a><\/figure>\n\n\n\n<figure class=\"wp-block-image size-large\"><a href=\"http:\/\/grandprixdetennisdebourg.com\/wp-content\/uploads\/2023\/06\/desousa5-scaled.jpg\" target=\"_blank\" rel=\"noopener\"><img loading=\"lazy\" width=\"1024\" height=\"683\" data-id=\"2378\"  src=\"http:\/\/grandprixdetennisdebourg.com\/wp-content\/uploads\/2023\/06\/desousa5-1024x683.jpg\" alt=\"\" class=\"wp-image-2378\" srcset=\"http:\/\/grandprixdetennisdebourg.com\/wp-content\/uploads\/2023\/06\/desousa5-1024x683.jpg 1024w, http:\/\/grandprixdetennisdebourg.com\/wp-content\/uploads\/2023\/06\/desousa5-300x200.jpg 300w, http:\/\/grandprixdetennisdebourg.com\/wp-content\/uploads\/2023\/06\/desousa5-768x512.jpg 768w, http:\/\/grandprixdetennisdebourg.com\/wp-content\/uploads\/2023\/06\/desousa5-1536x1024.jpg 1536w, http:\/\/grandprixdetennisdebourg.com\/wp-content\/uploads\/2023\/06\/desousa5-2048x1365.jpg 2048w, http:\/\/grandprixdetennisdebourg.com\/wp-content\/uploads\/2023\/06\/desousa5-1200x800.jpg 1200w, http:\/\/grandprixdetennisdebourg.com\/wp-content\/uploads\/2023\/06\/desousa5-1980x1320.jpg 1980w\" sizes=\"(max-width: 1024px) 100vw, 1024px\" \/><\/a><\/figure>\n\n\n\n<figure class=\"wp-block-image size-large\"><a href=\"http:\/\/grandprixdetennisdebourg.com\/wp-content\/uploads\/2023\/06\/dorofeev6-scaled.jpg\" target=\"_blank\" rel=\"noopener\"><img loading=\"lazy\" width=\"1024\" height=\"683\" data-id=\"2379\"  src=\"http:\/\/grandprixdetennisdebourg.com\/wp-content\/uploads\/2023\/06\/dorofeev6-1024x683.jpg\" alt=\"\" class=\"wp-image-2379\" srcset=\"http:\/\/grandprixdetennisdebourg.com\/wp-content\/uploads\/2023\/06\/dorofeev6-1024x683.jpg 1024w, http:\/\/grandprixdetennisdebourg.com\/wp-content\/uploads\/2023\/06\/dorofeev6-300x200.jpg 300w, http:\/\/grandprixdetennisdebourg.com\/wp-content\/uploads\/2023\/06\/dorofeev6-768x512.jpg 768w, http:\/\/grandprixdetennisdebourg.com\/wp-content\/uploads\/2023\/06\/dorofeev6-1536x1024.jpg 1536w, http:\/\/grandprixdetennisdebourg.com\/wp-content\/uploads\/2023\/06\/dorofeev6-2048x1365.jpg 2048w, http:\/\/grandprixdetennisdebourg.com\/wp-content\/uploads\/2023\/06\/dorofeev6-1200x800.jpg 1200w, http:\/\/grandprixdetennisdebourg.com\/wp-content\/uploads\/2023\/06\/dorofeev6-1980x1320.jpg 1980w\" sizes=\"(max-width: 1024px) 100vw, 1024px\" \/><\/a><\/figure>\n\n\n\n<figure class=\"wp-block-image size-large\"><a href=\"http:\/\/grandprixdetennisdebourg.com\/wp-content\/uploads\/2023\/06\/wojcik1-scaled.jpg\" target=\"_blank\" rel=\"noopener\"><img loading=\"lazy\" width=\"1024\" height=\"683\" data-id=\"2380\"  src=\"http:\/\/grandprixdetennisdebourg.com\/wp-content\/uploads\/2023\/06\/wojcik1-1024x683.jpg\" alt=\"\" class=\"wp-image-2380\" srcset=\"http:\/\/grandprixdetennisdebourg.com\/wp-content\/uploads\/2023\/06\/wojcik1-1024x683.jpg 1024w, http:\/\/grandprixdetennisdebourg.com\/wp-content\/uploads\/2023\/06\/wojcik1-300x200.jpg 300w, http:\/\/grandprixdetennisdebourg.com\/wp-content\/uploads\/2023\/06\/wojcik1-768x512.jpg 768w, http:\/\/grandprixdetennisdebourg.com\/wp-content\/uploads\/2023\/06\/wojcik1-1536x1024.jpg 1536w, http:\/\/grandprixdetennisdebourg.com\/wp-content\/uploads\/2023\/06\/wojcik1-2048x1365.jpg 2048w, http:\/\/grandprixdetennisdebourg.com\/wp-content\/uploads\/2023\/06\/wojcik1-1200x800.jpg 1200w, http:\/\/grandprixdetennisdebourg.com\/wp-content\/uploads\/2023\/06\/wojcik1-1980x1320.jpg 1980w\" sizes=\"(max-width: 1024px) 100vw, 1024px\" \/><\/a><\/figure>\n\n\n\n<figure class=\"wp-block-image size-large\"><a href=\"http:\/\/grandprixdetennisdebourg.com\/wp-content\/uploads\/2023\/06\/frechet4-scaled.jpg\" target=\"_blank\" rel=\"noopener\"><img loading=\"lazy\" width=\"1024\" height=\"683\" data-id=\"2381\"  src=\"http:\/\/grandprixdetennisdebourg.com\/wp-content\/uploads\/2023\/06\/frechet4-1024x683.jpg\" alt=\"\" class=\"wp-image-2381\" srcset=\"http:\/\/grandprixdetennisdebourg.com\/wp-content\/uploads\/2023\/06\/frechet4-1024x683.jpg 1024w, http:\/\/grandprixdetennisdebourg.com\/wp-content\/uploads\/2023\/06\/frechet4-300x200.jpg 300w, http:\/\/grandprixdetennisdebourg.com\/wp-content\/uploads\/2023\/06\/frechet4-768x512.jpg 768w, http:\/\/grandprixdetennisdebourg.com\/wp-content\/uploads\/2023\/06\/frechet4-1536x1024.jpg 1536w, http:\/\/grandprixdetennisdebourg.com\/wp-content\/uploads\/2023\/06\/frechet4-2048x1365.jpg 2048w, http:\/\/grandprixdetennisdebourg.com\/wp-content\/uploads\/2023\/06\/frechet4-1200x800.jpg 1200w, http:\/\/grandprixdetennisdebourg.com\/wp-content\/uploads\/2023\/06\/frechet4-1980x1320.jpg 1980w\" sizes=\"(max-width: 1024px) 100vw, 1024px\" \/><\/a><\/figure>\n\n\n\n<figure class=\"wp-block-image size-large\"><a href=\"http:\/\/grandprixdetennisdebourg.com\/wp-content\/uploads\/2023\/06\/hoeijmans1-scaled.jpg\" target=\"_blank\" rel=\"noopener\"><img loading=\"lazy\" width=\"1024\" height=\"683\" data-id=\"2382\"  src=\"http:\/\/grandprixdetennisdebourg.com\/wp-content\/uploads\/2023\/06\/hoeijmans1-1024x683.jpg\" alt=\"\" class=\"wp-image-2382\" srcset=\"http:\/\/grandprixdetennisdebourg.com\/wp-content\/uploads\/2023\/06\/hoeijmans1-1024x683.jpg 1024w, http:\/\/grandprixdetennisdebourg.com\/wp-content\/uploads\/2023\/06\/hoeijmans1-300x200.jpg 300w, http:\/\/grandprixdetennisdebourg.com\/wp-content\/uploads\/2023\/06\/hoeijmans1-768x512.jpg 768w, http:\/\/grandprixdetennisdebourg.com\/wp-content\/uploads\/2023\/06\/hoeijmans1-1536x1024.jpg 1536w, http:\/\/grandprixdetennisdebourg.com\/wp-content\/uploads\/2023\/06\/hoeijmans1-2048x1365.jpg 2048w, http:\/\/grandprixdetennisdebourg.com\/wp-content\/uploads\/2023\/06\/hoeijmans1-1200x800.jpg 1200w, http:\/\/grandprixdetennisdebourg.com\/wp-content\/uploads\/2023\/06\/hoeijmans1-1980x1320.jpg 1980w\" sizes=\"(max-width: 1024px) 100vw, 1024px\" \/><\/a><\/figure>\n<\/figure>\n","protected":false},"excerpt":{"rendered":"<p>1er tour du tableau des qualifications. 32 joueurs se sont affront\u00e9s dont 19 fran\u00e7ais sous un soleil de plomb. Demain, dernier tour des qualifications, 8 joueurs fran\u00e7ais d\u00e9fendront leur chance \u00e0 partir de 11h. Vers 12h, tirage au sort du tableau final de simple, venez nombreux ! Vers 14h, tirage au sort du tableau de [&hellip;]<\/p>\n","protected":false},"author":1,"featured_media":0,"comment_status":"closed","ping_status":"closed","sticky":true,"template":"","format":"standard","meta":[],"categories":[1],"tags":[],"_links":{"self":[{"href":"http:\/\/grandprixdetennisdebourg.com\/index.php\/wp-json\/wp\/v2\/posts\/2372"}],"collection":[{"href":"http:\/\/grandprixdetennisdebourg.com\/index.php\/wp-json\/wp\/v2\/posts"}],"about":[{"href":"http:\/\/grandprixdetennisdebourg.com\/index.php\/wp-json\/wp\/v2\/types\/post"}],"author":[{"embeddable":true,"href":"http:\/\/grandprixdetennisdebourg.com\/index.php\/wp-json\/wp\/v2\/users\/1"}],"replies":[{"embeddable":true,"href":"http:\/\/grandprixdetennisdebourg.com\/index.php\/wp-json\/wp\/v2\/comments?post=2372"}],"version-history":[{"count":3,"href":"http:\/\/grandprixdetennisdebourg.com\/index.php\/wp-json\/wp\/v2\/posts\/2372\/revisions"}],"predecessor-version":[{"id":2426,"href":"http:\/\/grandprixdetennisdebourg.com\/index.php\/wp-json\/wp\/v2\/posts\/2372\/revisions\/2426"}],"wp:attachment":[{"href":"http:\/\/grandprixdetennisdebourg.com\/index.php\/wp-json\/wp\/v2\/media?parent=2372"}],"wp:term":[{"taxonomy":"category","embeddable":true,"href":"http:\/\/grandprixdetennisdebourg.com\/index.php\/wp-json\/wp\/v2\/categories?post=2372"},{"taxonomy":"post_tag","embeddable":true,"href":"http:\/\/grandprixdetennisdebourg.com\/index.php\/wp-json\/wp\/v2\/tags?post=2372"}],"curies":[{"name":"wp","href":"https:\/\/api.w.org\/{rel}","templated":true}]}}